{"id":490,"date":"2022-09-29T17:10:55","date_gmt":"2022-09-29T15:10:55","guid":{"rendered":"https:\/\/faa.net\/rtandalucia\/?p=490"},"modified":"2022-09-29T17:18:07","modified_gmt":"2022-09-29T15:18:07","slug":"francisco-manuel-puertas-y-miriam-antelo-del-rally-team-andalucia-participaran-este-fin-de-semana-en-el-rallye-rias-baixas","status":"publish","type":"post","link":"https:\/\/faa.net\/rtandalucia\/francisco-manuel-puertas-y-miriam-antelo-del-rally-team-andalucia-participaran-este-fin-de-semana-en-el-rallye-rias-baixas\/","title":{"rendered":"Francisco Manuel Puertas y Miriam Antelo, del Rally Team Andaluc\u00eda, participar\u00e1n este fin de semana en el Rallye R\u00edas Baixas"},"content":{"rendered":"<p>Tras participar en el 59 Rallye Blendio Princesa de Asturias Ciudad de Oviedo, que tuvo lugar los pasados d\u00edas 8, 9 y 10 de septiembre, Francisco Manuel Puertas, piloto del Rally Team Andaluc\u00eda, y que en esta ocasi\u00f3n cuenta con Miriam Antelo como copiloto, se enfrentar\u00e1 los d\u00edas 29 y 30 de septiembre, y 1 de octubre, al 55\u00ba Rallye Recalvi R\u00edas Baixas en Galicia, prueba puntuable para la Copa de Espa\u00f1a de Rallyes de Asfalto y tercera cita de la temporada en la Sandero Dacia Cup.<\/p>\n<p>La 55 edici\u00f3n del Rallye Recalvi Baixas promete ser espectacular para los aficionados al mundo del motor. La Escuder\u00eda ha recuperado el formato de competici\u00f3n de pasadas ediciones del nacional de asfalto; cinco tramos a doble pasada distribuidos en dos jornadas y como gran atractivo, la disputa de, al menos, uno de ellos en horario nocturno.<\/p>\n<p>La prueba arrancar\u00e1 pasadas las 17 horas del viernes 30 de septiembre con el tramo Vigo-Nigr\u00e1n, con salida en las inmediaciones del Monte Alba y llegada a Cha\u00edn. Tras completar los 13,76 kil\u00f3metros de esa primera especial, los veh\u00edculos afrontar\u00e1n el tramo Gondomar-Porri\u00f1o. La segunda pasada a esas dos especiales comenzar\u00e1 a las 20 horas por lo que la mayor parte de los veh\u00edculos se ver\u00e1n obligados a encender sus espectaculares parrillas de faros para recorrer los casi once kil\u00f3metros del tramo que une las villas gondomare\u00f1a y porri\u00f1esa.<\/p>\n<p>El recorrido del s\u00e1bado presenta como novedad la diputa de un tramo por las carreteras del Concello de Ponte Caldelas. Ser\u00e1 la primera de las tres especiales que deber\u00e1n afrontar los participantes en esa \u00faltima jornada de competici\u00f3n. La otras dos llevar\u00e1 a los equipos a Fornelos y Salceda.<\/p>\n<p>El Rally Team Andaluc\u00eda es el equipo de rallyes andaluz creado por la Federaci\u00f3n Andaluza de Automovilismo para promocionar la participaci\u00f3n de j\u00f3venes talentos andaluces en pruebas de campeonatos de Espa\u00f1a, campeonatos de Europa y pruebas de car\u00e1cter internacional.<\/p>\n","protected":false},"excerpt":{"rendered":"<p>Tras participar en el 59 Rallye Blendio Princesa de Asturias Ciudad de Oviedo, que tuvo lugar los pasados d\u00edas 8, 9 y 10 de septiembre, Francisco Manuel Puertas, piloto del Rally Team Andaluc\u00eda, y que en esta ocasi\u00f3n cuenta con Miriam Antelo como copiloto, se enfrentar\u00e1 los d\u00edas 29 y 30 de septiembre, y 1 [&hellip;]<\/p>\n","protected":false},"author":1,"featured_media":491,"comment_status":"closed","ping_status":"closed","sticky":false,"template":"","format":"standard","meta":{"_et_pb_use_builder":"","_et_pb_old_content":"","_et_gb_content_width":"","footnotes":""},"categories":[4],"tags":[7,26],"class_list":["post-490","post","type-post","status-publish","format-standard","has-post-thumbnail","hentry","category-noticias","tag-francisco-puertas","tag-rally-rias-baixas"],"yoast_head":"<!-- This site is optimized with the Yoast SEO plugin v27.5 - https:\/\/yoast.com\/product\/yoast-seo-wordpress\/ -->\n<title>Francisco Manuel Puertas y Miriam Antelo, del Rally Team Andaluc\u00eda, participar\u00e1n este fin de semana en el Rallye R\u00edas Baixas - Rallye Team Andalucia<\/title>\n<meta name=\"robots\" content=\"index, follow, max-snippet:-1, max-image-preview:large, max-video-preview:-1\" \/>\n<link rel=\"canonical\" href=\"https:\/\/faa.net\/rtandalucia\/francisco-manuel-puertas-y-miriam-antelo-del-rally-team-andalucia-participaran-este-fin-de-semana-en-el-rallye-rias-baixas\/\" \/>\n<meta property=\"og:locale\" content=\"es_ES\" \/>\n<meta property=\"og:type\" content=\"article\" \/>\n<meta property=\"og:title\" content=\"Francisco Manuel Puertas y Miriam Antelo, del Rally Team Andaluc\u00eda, participar\u00e1n este fin de semana en el Rallye R\u00edas Baixas - Rallye Team Andalucia\" \/>\n<meta property=\"og:description\" content=\"Tras participar en el 59 Rallye Blendio Princesa de Asturias Ciudad de Oviedo, que tuvo lugar los pasados d\u00edas 8, 9 y 10 de septiembre, Francisco Manuel Puertas, piloto del Rally Team Andaluc\u00eda, y que en esta ocasi\u00f3n cuenta con Miriam Antelo como copiloto, se enfrentar\u00e1 los d\u00edas 29 y 30 de septiembre, y 1 [&hellip;]\" \/>\n<meta property=\"og:url\" content=\"https:\/\/faa.net\/rtandalucia\/francisco-manuel-puertas-y-miriam-antelo-del-rally-team-andalucia-participaran-este-fin-de-semana-en-el-rallye-rias-baixas\/\" \/>\n<meta property=\"og:site_name\" content=\"Rallye Team Andalucia\" \/>\n<meta property=\"article:published_time\" content=\"2022-09-29T15:10:55+00:00\" \/>\n<meta property=\"article:modified_time\" content=\"2022-09-29T15:18:07+00:00\" \/>\n<meta property=\"og:image\" content=\"https:\/\/faa.net\/rtandalucia\/wp-content\/uploads\/2022\/09\/miriam-antelo-y-francisco-manuel-puertas-rally-team-andalucia.jpg\" \/>\n\t<meta property=\"og:image:width\" content=\"1417\" \/>\n\t<meta property=\"og:image:height\" content=\"797\" \/>\n\t<meta property=\"og:image:type\" content=\"image\/jpeg\" \/>\n<meta name=\"author\" content=\"Prensa\" \/>\n<meta name=\"twitter:card\" content=\"summary_large_image\" \/>\n<meta name=\"twitter:label1\" content=\"Escrito por\" \/>\n\t<meta name=\"twitter:data1\" content=\"Prensa\" \/>\n\t<meta name=\"twitter:label2\" content=\"Tiempo de lectura\" \/>\n\t<meta name=\"twitter:data2\" content=\"2 minutos\" \/>\n<script type=\"application\/ld+json\" class=\"yoast-schema-graph\">{\"@context\":\"https:\\\/\\\/schema.org\",\"@graph\":[{\"@type\":\"Article\",\"@id\":\"https:\\\/\\\/faa.net\\\/rtandalucia\\\/francisco-manuel-puertas-y-miriam-antelo-del-rally-team-andalucia-participaran-este-fin-de-semana-en-el-rallye-rias-baixas\\\/#article\",\"isPartOf\":{\"@id\":\"https:\\\/\\\/faa.net\\\/rtandalucia\\\/francisco-manuel-puertas-y-miriam-antelo-del-rally-team-andalucia-participaran-este-fin-de-semana-en-el-rallye-rias-baixas\\\/\"},\"author\":{\"name\":\"Prensa\",\"@id\":\"https:\\\/\\\/faa.net\\\/rtandalucia\\\/#\\\/schema\\\/person\\\/57c2aa9d716bd73384dfc0ff55ba5ceb\"},\"headline\":\"Francisco Manuel Puertas y Miriam Antelo, del Rally Team Andaluc\u00eda, participar\u00e1n este fin de semana en el Rallye R\u00edas Baixas\",\"datePublished\":\"2022-09-29T15:10:55+00:00\",\"dateModified\":\"2022-09-29T15:18:07+00:00\",\"mainEntityOfPage\":{\"@id\":\"https:\\\/\\\/faa.net\\\/rtandalucia\\\/francisco-manuel-puertas-y-miriam-antelo-del-rally-team-andalucia-participaran-este-fin-de-semana-en-el-rallye-rias-baixas\\\/\"},\"wordCount\":359,\"image\":{\"@id\":\"https:\\\/\\\/faa.net\\\/rtandalucia\\\/francisco-manuel-puertas-y-miriam-antelo-del-rally-team-andalucia-participaran-este-fin-de-semana-en-el-rallye-rias-baixas\\\/#primaryimage\"},\"thumbnailUrl\":\"https:\\\/\\\/faa.net\\\/rtandalucia\\\/wp-content\\\/uploads\\\/2022\\\/09\\\/miriam-antelo-y-francisco-manuel-puertas-rally-team-andalucia.jpg\",\"keywords\":[\"francisco puertas\",\"rally rias baixas\"],\"articleSection\":[\"Noticias\"],\"inLanguage\":\"es\"},{\"@type\":\"WebPage\",\"@id\":\"https:\\\/\\\/faa.net\\\/rtandalucia\\\/francisco-manuel-puertas-y-miriam-antelo-del-rally-team-andalucia-participaran-este-fin-de-semana-en-el-rallye-rias-baixas\\\/\",\"url\":\"https:\\\/\\\/faa.net\\\/rtandalucia\\\/francisco-manuel-puertas-y-miriam-antelo-del-rally-team-andalucia-participaran-este-fin-de-semana-en-el-rallye-rias-baixas\\\/\",\"name\":\"Francisco Manuel Puertas y Miriam Antelo, del Rally Team Andaluc\u00eda, participar\u00e1n este fin de semana en el Rallye R\u00edas Baixas - Rallye Team Andalucia\",\"isPartOf\":{\"@id\":\"https:\\\/\\\/faa.net\\\/rtandalucia\\\/#website\"},\"primaryImageOfPage\":{\"@id\":\"https:\\\/\\\/faa.net\\\/rtandalucia\\\/francisco-manuel-puertas-y-miriam-antelo-del-rally-team-andalucia-participaran-este-fin-de-semana-en-el-rallye-rias-baixas\\\/#primaryimage\"},\"image\":{\"@id\":\"https:\\\/\\\/faa.net\\\/rtandalucia\\\/francisco-manuel-puertas-y-miriam-antelo-del-rally-team-andalucia-participaran-este-fin-de-semana-en-el-rallye-rias-baixas\\\/#primaryimage\"},\"thumbnailUrl\":\"https:\\\/\\\/faa.net\\\/rtandalucia\\\/wp-content\\\/uploads\\\/2022\\\/09\\\/miriam-antelo-y-francisco-manuel-puertas-rally-team-andalucia.jpg\",\"datePublished\":\"2022-09-29T15:10:55+00:00\",\"dateModified\":\"2022-09-29T15:18:07+00:00\",\"author\":{\"@id\":\"https:\\\/\\\/faa.net\\\/rtandalucia\\\/#\\\/schema\\\/person\\\/57c2aa9d716bd73384dfc0ff55ba5ceb\"},\"breadcrumb\":{\"@id\":\"https:\\\/\\\/faa.net\\\/rtandalucia\\\/francisco-manuel-puertas-y-miriam-antelo-del-rally-team-andalucia-participaran-este-fin-de-semana-en-el-rallye-rias-baixas\\\/#breadcrumb\"},\"inLanguage\":\"es\",\"potentialAction\":[{\"@type\":\"ReadAction\",\"target\":[\"https:\\\/\\\/faa.net\\\/rtandalucia\\\/francisco-manuel-puertas-y-miriam-antelo-del-rally-team-andalucia-participaran-este-fin-de-semana-en-el-rallye-rias-baixas\\\/\"]}]},{\"@type\":\"ImageObject\",\"inLanguage\":\"es\",\"@id\":\"https:\\\/\\\/faa.net\\\/rtandalucia\\\/francisco-manuel-puertas-y-miriam-antelo-del-rally-team-andalucia-participaran-este-fin-de-semana-en-el-rallye-rias-baixas\\\/#primaryimage\",\"url\":\"https:\\\/\\\/faa.net\\\/rtandalucia\\\/wp-content\\\/uploads\\\/2022\\\/09\\\/miriam-antelo-y-francisco-manuel-puertas-rally-team-andalucia.jpg\",\"contentUrl\":\"https:\\\/\\\/faa.net\\\/rtandalucia\\\/wp-content\\\/uploads\\\/2022\\\/09\\\/miriam-antelo-y-francisco-manuel-puertas-rally-team-andalucia.jpg\",\"width\":1417,\"height\":797,\"caption\":\"Miriam Antelo y Francisco Manuel Puertas.\"},{\"@type\":\"BreadcrumbList\",\"@id\":\"https:\\\/\\\/faa.net\\\/rtandalucia\\\/francisco-manuel-puertas-y-miriam-antelo-del-rally-team-andalucia-participaran-este-fin-de-semana-en-el-rallye-rias-baixas\\\/#breadcrumb\",\"itemListElement\":[{\"@type\":\"ListItem\",\"position\":1,\"name\":\"Portada\",\"item\":\"https:\\\/\\\/faa.net\\\/rtandalucia\\\/\"},{\"@type\":\"ListItem\",\"position\":2,\"name\":\"Francisco Manuel Puertas y Miriam Antelo, del Rally Team Andaluc\u00eda, participar\u00e1n este fin de semana en el Rallye R\u00edas Baixas\"}]},{\"@type\":\"WebSite\",\"@id\":\"https:\\\/\\\/faa.net\\\/rtandalucia\\\/#website\",\"url\":\"https:\\\/\\\/faa.net\\\/rtandalucia\\\/\",\"name\":\"Rallye Team Andalucia\",\"description\":\"- Un proyecto de la Federaci\u00f3n Andaluza de Automovilismo\",\"potentialAction\":[{\"@type\":\"SearchAction\",\"target\":{\"@type\":\"EntryPoint\",\"urlTemplate\":\"https:\\\/\\\/faa.net\\\/rtandalucia\\\/?s={search_term_string}\"},\"query-input\":{\"@type\":\"PropertyValueSpecification\",\"valueRequired\":true,\"valueName\":\"search_term_string\"}}],\"inLanguage\":\"es\"},{\"@type\":\"Person\",\"@id\":\"https:\\\/\\\/faa.net\\\/rtandalucia\\\/#\\\/schema\\\/person\\\/57c2aa9d716bd73384dfc0ff55ba5ceb\",\"name\":\"Prensa\",\"image\":{\"@type\":\"ImageObject\",\"inLanguage\":\"es\",\"@id\":\"https:\\\/\\\/secure.gravatar.com\\\/avatar\\\/3b16db4c9def11e8c97e0cb172de04d38108fdb7624822f873f7c4e5d17e3ca3?s=96&d=mm&r=g\",\"url\":\"https:\\\/\\\/secure.gravatar.com\\\/avatar\\\/3b16db4c9def11e8c97e0cb172de04d38108fdb7624822f873f7c4e5d17e3ca3?s=96&d=mm&r=g\",\"contentUrl\":\"https:\\\/\\\/secure.gravatar.com\\\/avatar\\\/3b16db4c9def11e8c97e0cb172de04d38108fdb7624822f873f7c4e5d17e3ca3?s=96&d=mm&r=g\",\"caption\":\"Prensa\"},\"sameAs\":[\"https:\\\/\\\/faa.net\\\/rtandalucia\"],\"url\":\"https:\\\/\\\/faa.net\\\/rtandalucia\\\/author\\\/admin_rtandalucia_89797\\\/\"}]}<\/script>\n<!-- \/ Yoast SEO plugin. -->","yoast_head_json":{"title":"Francisco Manuel Puertas y Miriam Antelo, del Rally Team Andaluc\u00eda, participar\u00e1n este fin de semana en el Rallye R\u00edas Baixas - Rallye Team Andalucia","robots":{"index":"index","follow":"follow","max-snippet":"max-snippet:-1","max-image-preview":"max-image-preview:large","max-video-preview":"max-video-preview:-1"},"canonical":"https:\/\/faa.net\/rtandalucia\/francisco-manuel-puertas-y-miriam-antelo-del-rally-team-andalucia-participaran-este-fin-de-semana-en-el-rallye-rias-baixas\/","og_locale":"es_ES","og_type":"article","og_title":"Francisco Manuel Puertas y Miriam Antelo, del Rally Team Andaluc\u00eda, participar\u00e1n este fin de semana en el Rallye R\u00edas Baixas - Rallye Team Andalucia","og_description":"Tras participar en el 59 Rallye Blendio Princesa de Asturias Ciudad de Oviedo, que tuvo lugar los pasados d\u00edas 8, 9 y 10 de septiembre, Francisco Manuel Puertas, piloto del Rally Team Andaluc\u00eda, y que en esta ocasi\u00f3n cuenta con Miriam Antelo como copiloto, se enfrentar\u00e1 los d\u00edas 29 y 30 de septiembre, y 1 [&hellip;]","og_url":"https:\/\/faa.net\/rtandalucia\/francisco-manuel-puertas-y-miriam-antelo-del-rally-team-andalucia-participaran-este-fin-de-semana-en-el-rallye-rias-baixas\/","og_site_name":"Rallye Team Andalucia","article_published_time":"2022-09-29T15:10:55+00:00","article_modified_time":"2022-09-29T15:18:07+00:00","og_image":[{"width":1417,"height":797,"url":"https:\/\/faa.net\/rtandalucia\/wp-content\/uploads\/2022\/09\/miriam-antelo-y-francisco-manuel-puertas-rally-team-andalucia.jpg","type":"image\/jpeg"}],"author":"Prensa","twitter_card":"summary_large_image","twitter_misc":{"Escrito por":"Prensa","Tiempo de lectura":"2 minutos"},"schema":{"@context":"https:\/\/schema.org","@graph":[{"@type":"Article","@id":"https:\/\/faa.net\/rtandalucia\/francisco-manuel-puertas-y-miriam-antelo-del-rally-team-andalucia-participaran-este-fin-de-semana-en-el-rallye-rias-baixas\/#article","isPartOf":{"@id":"https:\/\/faa.net\/rtandalucia\/francisco-manuel-puertas-y-miriam-antelo-del-rally-team-andalucia-participaran-este-fin-de-semana-en-el-rallye-rias-baixas\/"},"author":{"name":"Prensa","@id":"https:\/\/faa.net\/rtandalucia\/#\/schema\/person\/57c2aa9d716bd73384dfc0ff55ba5ceb"},"headline":"Francisco Manuel Puertas y Miriam Antelo, del Rally Team Andaluc\u00eda, participar\u00e1n este fin de semana en el Rallye R\u00edas Baixas","datePublished":"2022-09-29T15:10:55+00:00","dateModified":"2022-09-29T15:18:07+00:00","mainEntityOfPage":{"@id":"https:\/\/faa.net\/rtandalucia\/francisco-manuel-puertas-y-miriam-antelo-del-rally-team-andalucia-participaran-este-fin-de-semana-en-el-rallye-rias-baixas\/"},"wordCount":359,"image":{"@id":"https:\/\/faa.net\/rtandalucia\/francisco-manuel-puertas-y-miriam-antelo-del-rally-team-andalucia-participaran-este-fin-de-semana-en-el-rallye-rias-baixas\/#primaryimage"},"thumbnailUrl":"https:\/\/faa.net\/rtandalucia\/wp-content\/uploads\/2022\/09\/miriam-antelo-y-francisco-manuel-puertas-rally-team-andalucia.jpg","keywords":["francisco puertas","rally rias baixas"],"articleSection":["Noticias"],"inLanguage":"es"},{"@type":"WebPage","@id":"https:\/\/faa.net\/rtandalucia\/francisco-manuel-puertas-y-miriam-antelo-del-rally-team-andalucia-participaran-este-fin-de-semana-en-el-rallye-rias-baixas\/","url":"https:\/\/faa.net\/rtandalucia\/francisco-manuel-puertas-y-miriam-antelo-del-rally-team-andalucia-participaran-este-fin-de-semana-en-el-rallye-rias-baixas\/","name":"Francisco Manuel Puertas y Miriam Antelo, del Rally Team Andaluc\u00eda, participar\u00e1n este fin de semana en el Rallye R\u00edas Baixas - Rallye Team Andalucia","isPartOf":{"@id":"https:\/\/faa.net\/rtandalucia\/#website"},"primaryImageOfPage":{"@id":"https:\/\/faa.net\/rtandalucia\/francisco-manuel-puertas-y-miriam-antelo-del-rally-team-andalucia-participaran-este-fin-de-semana-en-el-rallye-rias-baixas\/#primaryimage"},"image":{"@id":"https:\/\/faa.net\/rtandalucia\/francisco-manuel-puertas-y-miriam-antelo-del-rally-team-andalucia-participaran-este-fin-de-semana-en-el-rallye-rias-baixas\/#primaryimage"},"thumbnailUrl":"https:\/\/faa.net\/rtandalucia\/wp-content\/uploads\/2022\/09\/miriam-antelo-y-francisco-manuel-puertas-rally-team-andalucia.jpg","datePublished":"2022-09-29T15:10:55+00:00","dateModified":"2022-09-29T15:18:07+00:00","author":{"@id":"https:\/\/faa.net\/rtandalucia\/#\/schema\/person\/57c2aa9d716bd73384dfc0ff55ba5ceb"},"breadcrumb":{"@id":"https:\/\/faa.net\/rtandalucia\/francisco-manuel-puertas-y-miriam-antelo-del-rally-team-andalucia-participaran-este-fin-de-semana-en-el-rallye-rias-baixas\/#breadcrumb"},"inLanguage":"es","potentialAction":[{"@type":"ReadAction","target":["https:\/\/faa.net\/rtandalucia\/francisco-manuel-puertas-y-miriam-antelo-del-rally-team-andalucia-participaran-este-fin-de-semana-en-el-rallye-rias-baixas\/"]}]},{"@type":"ImageObject","inLanguage":"es","@id":"https:\/\/faa.net\/rtandalucia\/francisco-manuel-puertas-y-miriam-antelo-del-rally-team-andalucia-participaran-este-fin-de-semana-en-el-rallye-rias-baixas\/#primaryimage","url":"https:\/\/faa.net\/rtandalucia\/wp-content\/uploads\/2022\/09\/miriam-antelo-y-francisco-manuel-puertas-rally-team-andalucia.jpg","contentUrl":"https:\/\/faa.net\/rtandalucia\/wp-content\/uploads\/2022\/09\/miriam-antelo-y-francisco-manuel-puertas-rally-team-andalucia.jpg","width":1417,"height":797,"caption":"Miriam Antelo y Francisco Manuel Puertas."},{"@type":"BreadcrumbList","@id":"https:\/\/faa.net\/rtandalucia\/francisco-manuel-puertas-y-miriam-antelo-del-rally-team-andalucia-participaran-este-fin-de-semana-en-el-rallye-rias-baixas\/#breadcrumb","itemListElement":[{"@type":"ListItem","position":1,"name":"Portada","item":"https:\/\/faa.net\/rtandalucia\/"},{"@type":"ListItem","position":2,"name":"Francisco Manuel Puertas y Miriam Antelo, del Rally Team Andaluc\u00eda, participar\u00e1n este fin de semana en el Rallye R\u00edas Baixas"}]},{"@type":"WebSite","@id":"https:\/\/faa.net\/rtandalucia\/#website","url":"https:\/\/faa.net\/rtandalucia\/","name":"Rallye Team Andalucia","description":"- Un proyecto de la Federaci\u00f3n Andaluza de Automovilismo","potentialAction":[{"@type":"SearchAction","target":{"@type":"EntryPoint","urlTemplate":"https:\/\/faa.net\/rtandalucia\/?s={search_term_string}"},"query-input":{"@type":"PropertyValueSpecification","valueRequired":true,"valueName":"search_term_string"}}],"inLanguage":"es"},{"@type":"Person","@id":"https:\/\/faa.net\/rtandalucia\/#\/schema\/person\/57c2aa9d716bd73384dfc0ff55ba5ceb","name":"Prensa","image":{"@type":"ImageObject","inLanguage":"es","@id":"https:\/\/secure.gravatar.com\/avatar\/3b16db4c9def11e8c97e0cb172de04d38108fdb7624822f873f7c4e5d17e3ca3?s=96&d=mm&r=g","url":"https:\/\/secure.gravatar.com\/avatar\/3b16db4c9def11e8c97e0cb172de04d38108fdb7624822f873f7c4e5d17e3ca3?s=96&d=mm&r=g","contentUrl":"https:\/\/secure.gravatar.com\/avatar\/3b16db4c9def11e8c97e0cb172de04d38108fdb7624822f873f7c4e5d17e3ca3?s=96&d=mm&r=g","caption":"Prensa"},"sameAs":["https:\/\/faa.net\/rtandalucia"],"url":"https:\/\/faa.net\/rtandalucia\/author\/admin_rtandalucia_89797\/"}]}},"_links":{"self":[{"href":"https:\/\/faa.net\/rtandalucia\/wp-json\/wp\/v2\/posts\/490","targetHints":{"allow":["GET"]}}],"collection":[{"href":"https:\/\/faa.net\/rtandalucia\/wp-json\/wp\/v2\/posts"}],"about":[{"href":"https:\/\/faa.net\/rtandalucia\/wp-json\/wp\/v2\/types\/post"}],"author":[{"embeddable":true,"href":"https:\/\/faa.net\/rtandalucia\/wp-json\/wp\/v2\/users\/1"}],"replies":[{"embeddable":true,"href":"https:\/\/faa.net\/rtandalucia\/wp-json\/wp\/v2\/comments?post=490"}],"version-history":[{"count":4,"href":"https:\/\/faa.net\/rtandalucia\/wp-json\/wp\/v2\/posts\/490\/revisions"}],"predecessor-version":[{"id":495,"href":"https:\/\/faa.net\/rtandalucia\/wp-json\/wp\/v2\/posts\/490\/revisions\/495"}],"wp:featuredmedia":[{"embeddable":true,"href":"https:\/\/faa.net\/rtandalucia\/wp-json\/wp\/v2\/media\/491"}],"wp:attachment":[{"href":"https:\/\/faa.net\/rtandalucia\/wp-json\/wp\/v2\/media?parent=490"}],"wp:term":[{"taxonomy":"category","embeddable":true,"href":"https:\/\/faa.net\/rtandalucia\/wp-json\/wp\/v2\/categories?post=490"},{"taxonomy":"post_tag","embeddable":true,"href":"https:\/\/faa.net\/rtandalucia\/wp-json\/wp\/v2\/tags?post=490"}],"curies":[{"name":"wp","href":"https:\/\/api.w.org\/{rel}","templated":true}]}}