{"id":496,"date":"2022-09-29T20:06:13","date_gmt":"2022-09-29T18:06:13","guid":{"rendered":"https:\/\/faa.net\/rtandalucia\/?p=496"},"modified":"2022-09-29T20:08:12","modified_gmt":"2022-09-29T18:08:12","slug":"maxi-gallardo-y-mercedes-cano-se-preparan-para-disputar-este-fin-de-semana-el-rallye-rias-baixas-2022","status":"publish","type":"post","link":"https:\/\/faa.net\/rtandalucia\/maxi-gallardo-y-mercedes-cano-se-preparan-para-disputar-este-fin-de-semana-el-rallye-rias-baixas-2022\/","title":{"rendered":"Maxi Gallardo y Mercedes Cano se preparan para disputar este fin de semana el Rallye Rias Baixas 2022"},"content":{"rendered":"<p>Tras su reciente participaci\u00f3n en el Rally Princesa de Asturias, el equipo formado por Maxi Gallardo y Mercedes Cano se prepara para la tercera cita de la temporada en la Sandero Dacia Cup, el 55 Rallye Recalvi R\u00edas Baixas, prueba puntuable para la Copa de Espa\u00f1a de Rallyes de Asfalto 2022, que se disputar\u00e1 en tierras gallegas este fin de semana.<\/p>\n<p>El joven equipo, encuadrado en el Andaluc\u00eda Rally Team y becado por la Federaci\u00f3n Andaluza de Automovilismo para defender el deporte andaluz en pruebas del motor a nivel nacional, tendr\u00e1 que enfrentarse a un total de cinco tramos a doble pasada en dos intensas jornadas de competici\u00f3n incluyendo un espectacular tramo nocturno.<\/p>\n<p>La prueba arrancar\u00e1 pasadas las 17 horas del viernes 30 de septiembre con el tramo Vigo-Nigr\u00e1n, con salida en las inmediaciones del Monte Alba y llegada a Cha\u00edn. Tras completar los 13,76 kil\u00f3metros de esa primera especial, los veh\u00edculos afrontar\u00e1n el tramo Gondomar-Porri\u00f1o.<\/p>\n<p>La segunda pasada a esas dos especiales comenzar\u00e1 a las 20 horas por lo que la mayor parte de los veh\u00edculos se ver\u00e1n obligados a encender sus espectaculares parrillas de faros para recorrer los casi once kil\u00f3metros del tramo que une las villas gondomare\u00f1a y porri\u00f1esa.<\/p>\n<p>El recorrido del s\u00e1bado presenta como novedad la diputa de un tramo por las carreteras del Concello de Ponte Caldelas. Ser\u00e1 la primera de las tres especiales que deber\u00e1n afrontar los participantes en esa \u00faltima jornada de competici\u00f3n. La otras dos llevar\u00e1 a los equipos a Fornelos y Salceda.<\/p>\n","protected":false},"excerpt":{"rendered":"<p>Tras su reciente participaci\u00f3n en el Rally Princesa de Asturias, el equipo formado por Maxi Gallardo y Mercedes Cano se prepara para la tercera cita de la temporada en la Sandero Dacia Cup, el 55 Rallye Recalvi R\u00edas Baixas, prueba puntuable para la Copa de Espa\u00f1a de Rallyes de Asfalto 2022, que se disputar\u00e1 en [&hellip;]<\/p>\n","protected":false},"author":1,"featured_media":497,"comment_status":"closed","ping_status":"closed","sticky":false,"template":"","format":"standard","meta":{"_et_pb_use_builder":"","_et_pb_old_content":"","_et_gb_content_width":"","footnotes":""},"categories":[4],"tags":[14,26],"class_list":["post-496","post","type-post","status-publish","format-standard","has-post-thumbnail","hentry","category-noticias","tag-maxi-gallardo","tag-rally-rias-baixas"],"yoast_head":"<!-- This site is optimized with the Yoast SEO plugin v27.5 - https:\/\/yoast.com\/product\/yoast-seo-wordpress\/ -->\n<title>Maxi Gallardo y Mercedes Cano se preparan para disputar este fin de semana el Rallye Rias Baixas 2022 - Rallye Team Andalucia<\/title>\n<meta name=\"robots\" content=\"index, follow, max-snippet:-1, max-image-preview:large, max-video-preview:-1\" \/>\n<link rel=\"canonical\" href=\"https:\/\/faa.net\/rtandalucia\/maxi-gallardo-y-mercedes-cano-se-preparan-para-disputar-este-fin-de-semana-el-rallye-rias-baixas-2022\/\" \/>\n<meta property=\"og:locale\" content=\"es_ES\" \/>\n<meta property=\"og:type\" content=\"article\" \/>\n<meta property=\"og:title\" content=\"Maxi Gallardo y Mercedes Cano se preparan para disputar este fin de semana el Rallye Rias Baixas 2022 - Rallye Team Andalucia\" \/>\n<meta property=\"og:description\" content=\"Tras su reciente participaci\u00f3n en el Rally Princesa de Asturias, el equipo formado por Maxi Gallardo y Mercedes Cano se prepara para la tercera cita de la temporada en la Sandero Dacia Cup, el 55 Rallye Recalvi R\u00edas Baixas, prueba puntuable para la Copa de Espa\u00f1a de Rallyes de Asfalto 2022, que se disputar\u00e1 en [&hellip;]\" \/>\n<meta property=\"og:url\" content=\"https:\/\/faa.net\/rtandalucia\/maxi-gallardo-y-mercedes-cano-se-preparan-para-disputar-este-fin-de-semana-el-rallye-rias-baixas-2022\/\" \/>\n<meta property=\"og:site_name\" content=\"Rallye Team Andalucia\" \/>\n<meta property=\"article:published_time\" content=\"2022-09-29T18:06:13+00:00\" \/>\n<meta property=\"article:modified_time\" content=\"2022-09-29T18:08:12+00:00\" \/>\n<meta property=\"og:image\" content=\"https:\/\/faa.net\/rtandalucia\/wp-content\/uploads\/2022\/09\/maxi-gallardo-y-mercedes-cano-rallye-rias-baixas-previo.jpg\" \/>\n\t<meta property=\"og:image:width\" content=\"1417\" \/>\n\t<meta property=\"og:image:height\" content=\"797\" \/>\n\t<meta property=\"og:image:type\" content=\"image\/jpeg\" \/>\n<meta name=\"author\" content=\"Prensa\" \/>\n<meta name=\"twitter:card\" content=\"summary_large_image\" \/>\n<meta name=\"twitter:label1\" content=\"Escrito por\" \/>\n\t<meta name=\"twitter:data1\" content=\"Prensa\" \/>\n\t<meta name=\"twitter:label2\" content=\"Tiempo de lectura\" \/>\n\t<meta name=\"twitter:data2\" content=\"2 minutos\" \/>\n<script type=\"application\/ld+json\" class=\"yoast-schema-graph\">{\"@context\":\"https:\\\/\\\/schema.org\",\"@graph\":[{\"@type\":\"Article\",\"@id\":\"https:\\\/\\\/faa.net\\\/rtandalucia\\\/maxi-gallardo-y-mercedes-cano-se-preparan-para-disputar-este-fin-de-semana-el-rallye-rias-baixas-2022\\\/#article\",\"isPartOf\":{\"@id\":\"https:\\\/\\\/faa.net\\\/rtandalucia\\\/maxi-gallardo-y-mercedes-cano-se-preparan-para-disputar-este-fin-de-semana-el-rallye-rias-baixas-2022\\\/\"},\"author\":{\"name\":\"Prensa\",\"@id\":\"https:\\\/\\\/faa.net\\\/rtandalucia\\\/#\\\/schema\\\/person\\\/57c2aa9d716bd73384dfc0ff55ba5ceb\"},\"headline\":\"Maxi Gallardo y Mercedes Cano se preparan para disputar este fin de semana el Rallye Rias Baixas 2022\",\"datePublished\":\"2022-09-29T18:06:13+00:00\",\"dateModified\":\"2022-09-29T18:08:12+00:00\",\"mainEntityOfPage\":{\"@id\":\"https:\\\/\\\/faa.net\\\/rtandalucia\\\/maxi-gallardo-y-mercedes-cano-se-preparan-para-disputar-este-fin-de-semana-el-rallye-rias-baixas-2022\\\/\"},\"wordCount\":282,\"image\":{\"@id\":\"https:\\\/\\\/faa.net\\\/rtandalucia\\\/maxi-gallardo-y-mercedes-cano-se-preparan-para-disputar-este-fin-de-semana-el-rallye-rias-baixas-2022\\\/#primaryimage\"},\"thumbnailUrl\":\"https:\\\/\\\/faa.net\\\/rtandalucia\\\/wp-content\\\/uploads\\\/2022\\\/09\\\/maxi-gallardo-y-mercedes-cano-rallye-rias-baixas-previo.jpg\",\"keywords\":[\"maxi gallardo\",\"rally rias baixas\"],\"articleSection\":[\"Noticias\"],\"inLanguage\":\"es\"},{\"@type\":\"WebPage\",\"@id\":\"https:\\\/\\\/faa.net\\\/rtandalucia\\\/maxi-gallardo-y-mercedes-cano-se-preparan-para-disputar-este-fin-de-semana-el-rallye-rias-baixas-2022\\\/\",\"url\":\"https:\\\/\\\/faa.net\\\/rtandalucia\\\/maxi-gallardo-y-mercedes-cano-se-preparan-para-disputar-este-fin-de-semana-el-rallye-rias-baixas-2022\\\/\",\"name\":\"Maxi Gallardo y Mercedes Cano se preparan para disputar este fin de semana el Rallye Rias Baixas 2022 - Rallye Team Andalucia\",\"isPartOf\":{\"@id\":\"https:\\\/\\\/faa.net\\\/rtandalucia\\\/#website\"},\"primaryImageOfPage\":{\"@id\":\"https:\\\/\\\/faa.net\\\/rtandalucia\\\/maxi-gallardo-y-mercedes-cano-se-preparan-para-disputar-este-fin-de-semana-el-rallye-rias-baixas-2022\\\/#primaryimage\"},\"image\":{\"@id\":\"https:\\\/\\\/faa.net\\\/rtandalucia\\\/maxi-gallardo-y-mercedes-cano-se-preparan-para-disputar-este-fin-de-semana-el-rallye-rias-baixas-2022\\\/#primaryimage\"},\"thumbnailUrl\":\"https:\\\/\\\/faa.net\\\/rtandalucia\\\/wp-content\\\/uploads\\\/2022\\\/09\\\/maxi-gallardo-y-mercedes-cano-rallye-rias-baixas-previo.jpg\",\"datePublished\":\"2022-09-29T18:06:13+00:00\",\"dateModified\":\"2022-09-29T18:08:12+00:00\",\"author\":{\"@id\":\"https:\\\/\\\/faa.net\\\/rtandalucia\\\/#\\\/schema\\\/person\\\/57c2aa9d716bd73384dfc0ff55ba5ceb\"},\"breadcrumb\":{\"@id\":\"https:\\\/\\\/faa.net\\\/rtandalucia\\\/maxi-gallardo-y-mercedes-cano-se-preparan-para-disputar-este-fin-de-semana-el-rallye-rias-baixas-2022\\\/#breadcrumb\"},\"inLanguage\":\"es\",\"potentialAction\":[{\"@type\":\"ReadAction\",\"target\":[\"https:\\\/\\\/faa.net\\\/rtandalucia\\\/maxi-gallardo-y-mercedes-cano-se-preparan-para-disputar-este-fin-de-semana-el-rallye-rias-baixas-2022\\\/\"]}]},{\"@type\":\"ImageObject\",\"inLanguage\":\"es\",\"@id\":\"https:\\\/\\\/faa.net\\\/rtandalucia\\\/maxi-gallardo-y-mercedes-cano-se-preparan-para-disputar-este-fin-de-semana-el-rallye-rias-baixas-2022\\\/#primaryimage\",\"url\":\"https:\\\/\\\/faa.net\\\/rtandalucia\\\/wp-content\\\/uploads\\\/2022\\\/09\\\/maxi-gallardo-y-mercedes-cano-rallye-rias-baixas-previo.jpg\",\"contentUrl\":\"https:\\\/\\\/faa.net\\\/rtandalucia\\\/wp-content\\\/uploads\\\/2022\\\/09\\\/maxi-gallardo-y-mercedes-cano-rallye-rias-baixas-previo.jpg\",\"width\":1417,\"height\":797,\"caption\":\"Maxi Gallardo y Mercedes Cano, del equipo Rallye Team Andaluc\u00eda.\"},{\"@type\":\"BreadcrumbList\",\"@id\":\"https:\\\/\\\/faa.net\\\/rtandalucia\\\/maxi-gallardo-y-mercedes-cano-se-preparan-para-disputar-este-fin-de-semana-el-rallye-rias-baixas-2022\\\/#breadcrumb\",\"itemListElement\":[{\"@type\":\"ListItem\",\"position\":1,\"name\":\"Portada\",\"item\":\"https:\\\/\\\/faa.net\\\/rtandalucia\\\/\"},{\"@type\":\"ListItem\",\"position\":2,\"name\":\"Maxi Gallardo y Mercedes Cano se preparan para disputar este fin de semana el Rallye Rias Baixas 2022\"}]},{\"@type\":\"WebSite\",\"@id\":\"https:\\\/\\\/faa.net\\\/rtandalucia\\\/#website\",\"url\":\"https:\\\/\\\/faa.net\\\/rtandalucia\\\/\",\"name\":\"Rallye Team Andalucia\",\"description\":\"- Un proyecto de la Federaci\u00f3n Andaluza de Automovilismo\",\"potentialAction\":[{\"@type\":\"SearchAction\",\"target\":{\"@type\":\"EntryPoint\",\"urlTemplate\":\"https:\\\/\\\/faa.net\\\/rtandalucia\\\/?s={search_term_string}\"},\"query-input\":{\"@type\":\"PropertyValueSpecification\",\"valueRequired\":true,\"valueName\":\"search_term_string\"}}],\"inLanguage\":\"es\"},{\"@type\":\"Person\",\"@id\":\"https:\\\/\\\/faa.net\\\/rtandalucia\\\/#\\\/schema\\\/person\\\/57c2aa9d716bd73384dfc0ff55ba5ceb\",\"name\":\"Prensa\",\"image\":{\"@type\":\"ImageObject\",\"inLanguage\":\"es\",\"@id\":\"https:\\\/\\\/secure.gravatar.com\\\/avatar\\\/3b16db4c9def11e8c97e0cb172de04d38108fdb7624822f873f7c4e5d17e3ca3?s=96&d=mm&r=g\",\"url\":\"https:\\\/\\\/secure.gravatar.com\\\/avatar\\\/3b16db4c9def11e8c97e0cb172de04d38108fdb7624822f873f7c4e5d17e3ca3?s=96&d=mm&r=g\",\"contentUrl\":\"https:\\\/\\\/secure.gravatar.com\\\/avatar\\\/3b16db4c9def11e8c97e0cb172de04d38108fdb7624822f873f7c4e5d17e3ca3?s=96&d=mm&r=g\",\"caption\":\"Prensa\"},\"sameAs\":[\"https:\\\/\\\/faa.net\\\/rtandalucia\"],\"url\":\"https:\\\/\\\/faa.net\\\/rtandalucia\\\/author\\\/admin_rtandalucia_89797\\\/\"}]}<\/script>\n<!-- \/ Yoast SEO plugin. -->","yoast_head_json":{"title":"Maxi Gallardo y Mercedes Cano se preparan para disputar este fin de semana el Rallye Rias Baixas 2022 - Rallye Team Andalucia","robots":{"index":"index","follow":"follow","max-snippet":"max-snippet:-1","max-image-preview":"max-image-preview:large","max-video-preview":"max-video-preview:-1"},"canonical":"https:\/\/faa.net\/rtandalucia\/maxi-gallardo-y-mercedes-cano-se-preparan-para-disputar-este-fin-de-semana-el-rallye-rias-baixas-2022\/","og_locale":"es_ES","og_type":"article","og_title":"Maxi Gallardo y Mercedes Cano se preparan para disputar este fin de semana el Rallye Rias Baixas 2022 - Rallye Team Andalucia","og_description":"Tras su reciente participaci\u00f3n en el Rally Princesa de Asturias, el equipo formado por Maxi Gallardo y Mercedes Cano se prepara para la tercera cita de la temporada en la Sandero Dacia Cup, el 55 Rallye Recalvi R\u00edas Baixas, prueba puntuable para la Copa de Espa\u00f1a de Rallyes de Asfalto 2022, que se disputar\u00e1 en [&hellip;]","og_url":"https:\/\/faa.net\/rtandalucia\/maxi-gallardo-y-mercedes-cano-se-preparan-para-disputar-este-fin-de-semana-el-rallye-rias-baixas-2022\/","og_site_name":"Rallye Team Andalucia","article_published_time":"2022-09-29T18:06:13+00:00","article_modified_time":"2022-09-29T18:08:12+00:00","og_image":[{"width":1417,"height":797,"url":"https:\/\/faa.net\/rtandalucia\/wp-content\/uploads\/2022\/09\/maxi-gallardo-y-mercedes-cano-rallye-rias-baixas-previo.jpg","type":"image\/jpeg"}],"author":"Prensa","twitter_card":"summary_large_image","twitter_misc":{"Escrito por":"Prensa","Tiempo de lectura":"2 minutos"},"schema":{"@context":"https:\/\/schema.org","@graph":[{"@type":"Article","@id":"https:\/\/faa.net\/rtandalucia\/maxi-gallardo-y-mercedes-cano-se-preparan-para-disputar-este-fin-de-semana-el-rallye-rias-baixas-2022\/#article","isPartOf":{"@id":"https:\/\/faa.net\/rtandalucia\/maxi-gallardo-y-mercedes-cano-se-preparan-para-disputar-este-fin-de-semana-el-rallye-rias-baixas-2022\/"},"author":{"name":"Prensa","@id":"https:\/\/faa.net\/rtandalucia\/#\/schema\/person\/57c2aa9d716bd73384dfc0ff55ba5ceb"},"headline":"Maxi Gallardo y Mercedes Cano se preparan para disputar este fin de semana el Rallye Rias Baixas 2022","datePublished":"2022-09-29T18:06:13+00:00","dateModified":"2022-09-29T18:08:12+00:00","mainEntityOfPage":{"@id":"https:\/\/faa.net\/rtandalucia\/maxi-gallardo-y-mercedes-cano-se-preparan-para-disputar-este-fin-de-semana-el-rallye-rias-baixas-2022\/"},"wordCount":282,"image":{"@id":"https:\/\/faa.net\/rtandalucia\/maxi-gallardo-y-mercedes-cano-se-preparan-para-disputar-este-fin-de-semana-el-rallye-rias-baixas-2022\/#primaryimage"},"thumbnailUrl":"https:\/\/faa.net\/rtandalucia\/wp-content\/uploads\/2022\/09\/maxi-gallardo-y-mercedes-cano-rallye-rias-baixas-previo.jpg","keywords":["maxi gallardo","rally rias baixas"],"articleSection":["Noticias"],"inLanguage":"es"},{"@type":"WebPage","@id":"https:\/\/faa.net\/rtandalucia\/maxi-gallardo-y-mercedes-cano-se-preparan-para-disputar-este-fin-de-semana-el-rallye-rias-baixas-2022\/","url":"https:\/\/faa.net\/rtandalucia\/maxi-gallardo-y-mercedes-cano-se-preparan-para-disputar-este-fin-de-semana-el-rallye-rias-baixas-2022\/","name":"Maxi Gallardo y Mercedes Cano se preparan para disputar este fin de semana el Rallye Rias Baixas 2022 - Rallye Team Andalucia","isPartOf":{"@id":"https:\/\/faa.net\/rtandalucia\/#website"},"primaryImageOfPage":{"@id":"https:\/\/faa.net\/rtandalucia\/maxi-gallardo-y-mercedes-cano-se-preparan-para-disputar-este-fin-de-semana-el-rallye-rias-baixas-2022\/#primaryimage"},"image":{"@id":"https:\/\/faa.net\/rtandalucia\/maxi-gallardo-y-mercedes-cano-se-preparan-para-disputar-este-fin-de-semana-el-rallye-rias-baixas-2022\/#primaryimage"},"thumbnailUrl":"https:\/\/faa.net\/rtandalucia\/wp-content\/uploads\/2022\/09\/maxi-gallardo-y-mercedes-cano-rallye-rias-baixas-previo.jpg","datePublished":"2022-09-29T18:06:13+00:00","dateModified":"2022-09-29T18:08:12+00:00","author":{"@id":"https:\/\/faa.net\/rtandalucia\/#\/schema\/person\/57c2aa9d716bd73384dfc0ff55ba5ceb"},"breadcrumb":{"@id":"https:\/\/faa.net\/rtandalucia\/maxi-gallardo-y-mercedes-cano-se-preparan-para-disputar-este-fin-de-semana-el-rallye-rias-baixas-2022\/#breadcrumb"},"inLanguage":"es","potentialAction":[{"@type":"ReadAction","target":["https:\/\/faa.net\/rtandalucia\/maxi-gallardo-y-mercedes-cano-se-preparan-para-disputar-este-fin-de-semana-el-rallye-rias-baixas-2022\/"]}]},{"@type":"ImageObject","inLanguage":"es","@id":"https:\/\/faa.net\/rtandalucia\/maxi-gallardo-y-mercedes-cano-se-preparan-para-disputar-este-fin-de-semana-el-rallye-rias-baixas-2022\/#primaryimage","url":"https:\/\/faa.net\/rtandalucia\/wp-content\/uploads\/2022\/09\/maxi-gallardo-y-mercedes-cano-rallye-rias-baixas-previo.jpg","contentUrl":"https:\/\/faa.net\/rtandalucia\/wp-content\/uploads\/2022\/09\/maxi-gallardo-y-mercedes-cano-rallye-rias-baixas-previo.jpg","width":1417,"height":797,"caption":"Maxi Gallardo y Mercedes Cano, del equipo Rallye Team Andaluc\u00eda."},{"@type":"BreadcrumbList","@id":"https:\/\/faa.net\/rtandalucia\/maxi-gallardo-y-mercedes-cano-se-preparan-para-disputar-este-fin-de-semana-el-rallye-rias-baixas-2022\/#breadcrumb","itemListElement":[{"@type":"ListItem","position":1,"name":"Portada","item":"https:\/\/faa.net\/rtandalucia\/"},{"@type":"ListItem","position":2,"name":"Maxi Gallardo y Mercedes Cano se preparan para disputar este fin de semana el Rallye Rias Baixas 2022"}]},{"@type":"WebSite","@id":"https:\/\/faa.net\/rtandalucia\/#website","url":"https:\/\/faa.net\/rtandalucia\/","name":"Rallye Team Andalucia","description":"- Un proyecto de la Federaci\u00f3n Andaluza de Automovilismo","potentialAction":[{"@type":"SearchAction","target":{"@type":"EntryPoint","urlTemplate":"https:\/\/faa.net\/rtandalucia\/?s={search_term_string}"},"query-input":{"@type":"PropertyValueSpecification","valueRequired":true,"valueName":"search_term_string"}}],"inLanguage":"es"},{"@type":"Person","@id":"https:\/\/faa.net\/rtandalucia\/#\/schema\/person\/57c2aa9d716bd73384dfc0ff55ba5ceb","name":"Prensa","image":{"@type":"ImageObject","inLanguage":"es","@id":"https:\/\/secure.gravatar.com\/avatar\/3b16db4c9def11e8c97e0cb172de04d38108fdb7624822f873f7c4e5d17e3ca3?s=96&d=mm&r=g","url":"https:\/\/secure.gravatar.com\/avatar\/3b16db4c9def11e8c97e0cb172de04d38108fdb7624822f873f7c4e5d17e3ca3?s=96&d=mm&r=g","contentUrl":"https:\/\/secure.gravatar.com\/avatar\/3b16db4c9def11e8c97e0cb172de04d38108fdb7624822f873f7c4e5d17e3ca3?s=96&d=mm&r=g","caption":"Prensa"},"sameAs":["https:\/\/faa.net\/rtandalucia"],"url":"https:\/\/faa.net\/rtandalucia\/author\/admin_rtandalucia_89797\/"}]}},"_links":{"self":[{"href":"https:\/\/faa.net\/rtandalucia\/wp-json\/wp\/v2\/posts\/496","targetHints":{"allow":["GET"]}}],"collection":[{"href":"https:\/\/faa.net\/rtandalucia\/wp-json\/wp\/v2\/posts"}],"about":[{"href":"https:\/\/faa.net\/rtandalucia\/wp-json\/wp\/v2\/types\/post"}],"author":[{"embeddable":true,"href":"https:\/\/faa.net\/rtandalucia\/wp-json\/wp\/v2\/users\/1"}],"replies":[{"embeddable":true,"href":"https:\/\/faa.net\/rtandalucia\/wp-json\/wp\/v2\/comments?post=496"}],"version-history":[{"count":4,"href":"https:\/\/faa.net\/rtandalucia\/wp-json\/wp\/v2\/posts\/496\/revisions"}],"predecessor-version":[{"id":501,"href":"https:\/\/faa.net\/rtandalucia\/wp-json\/wp\/v2\/posts\/496\/revisions\/501"}],"wp:featuredmedia":[{"embeddable":true,"href":"https:\/\/faa.net\/rtandalucia\/wp-json\/wp\/v2\/media\/497"}],"wp:attachment":[{"href":"https:\/\/faa.net\/rtandalucia\/wp-json\/wp\/v2\/media?parent=496"}],"wp:term":[{"taxonomy":"category","embeddable":true,"href":"https:\/\/faa.net\/rtandalucia\/wp-json\/wp\/v2\/categories?post=496"},{"taxonomy":"post_tag","embeddable":true,"href":"https:\/\/faa.net\/rtandalucia\/wp-json\/wp\/v2\/tags?post=496"}],"curies":[{"name":"wp","href":"https:\/\/api.w.org\/{rel}","templated":true}]}}