{"id":518,"date":"2022-11-24T19:05:55","date_gmt":"2022-11-24T18:05:55","guid":{"rendered":"https:\/\/faa.net\/rtandalucia\/?p=518"},"modified":"2022-11-24T19:05:55","modified_gmt":"2022-11-24T18:05:55","slug":"el-equipo-del-rta-de-salva-espana-y-miriam-antelo-nuevos-subcampeones-de-espana-de-la-copa-kobe-y-campeones-junior-del-campeonato-de-espana-de-rallyes-de-tierra-2022","status":"publish","type":"post","link":"https:\/\/faa.net\/rtandalucia\/el-equipo-del-rta-de-salva-espana-y-miriam-antelo-nuevos-subcampeones-de-espana-de-la-copa-kobe-y-campeones-junior-del-campeonato-de-espana-de-rallyes-de-tierra-2022\/","title":{"rendered":"El equipo del RTA de Salva Espa\u00f1a y Miriam Antelo, nuevos subcampeones de Espa\u00f1a de la Copa Kobe y Campeones Junior del Campeonato de Espa\u00f1a de Rallyes de Tierra 2022"},"content":{"rendered":"<p>El equipo del Rallye Team Andaluc\u00eda, equipo oficial de competici\u00f3n de la Federaci\u00f3n Andaluza de Automovilismo, integrado por la dupla malague\u00f1a de Salvador Espa\u00f1a y Miriam Antelo han finalizado su primera temporada en copas nacionales con doblete en los dos campeonatos donde compet\u00edan. Salvador y Miriam han completado una gran temporada que les ha llevado a la consecuci\u00f3n del t\u00edtulo de subcampeones de Espa\u00f1a en la copa monomarca Toyota Kobe as\u00ed como del galard\u00f3n que les acredita como mejores pilotos Junior en el Campeonato de Espa\u00f1a de Rallyes de Tierra 2022<\/p>\n<p>El equipo andaluz debutaba esta temporada los pasados 4 y 5 de marzo en el Rallye Tierras Altas de Lorca donde lograron un cuarto puesto, tras protagonizar una espectacular remontada en una jornada marcada por la lluvia y el barro, con scratch incluido. Posteriormente viajaban hasta Santiago de Compostela en mayo para participar en el Rally Terra da Auga, donde los integrantes del RTA fueron terceros.<\/p>\n<p>Ya en Andaluc\u00eda y con ocasi\u00f3n del Rallye de Tierra de Pozoblanco, los andaluces suben pelda\u00f1os y finalizan segundos con Toyota Aygo; el mismo podio que repiten en el mes de junio en el Rallye Reino de Le\u00f3n donde tambi\u00e9n son consiguen ser segundos clasificados de la copa. El pasado mes de octubre Espa\u00f1a y Antelo concluyen el Actronic Rallye de Tierra de Madrid igualmente en segunda posici\u00f3n en la Copa Kobe Motor.<\/p>\n<p>Esta regularidad en la competici\u00f3n ha llevado al joven equipo becado por la Federaci\u00f3n Andaluza de Automovilismo a subir al podio en cuatro de las cinco pruebas con las que ha contado la copa monomarca esta temporada, sin duda todo un \u00e9xito para el deporte del motor andaluz.<\/p>\n<p><em>Salvador Espa\u00f1a Alc\u00e1ntara<\/em> es un joven de 20 a\u00f1os aficionado al automovilismo desde peque\u00f1o. Debut\u00f3 como piloto en el Slalom de Benalm\u00e1dena reci\u00e9n cumplidos los 16 y tres a\u00f1os despu\u00e9s, en 2021, da el salto al nacional dentro de la Copa Kobe Motor de Rallyes de Tierra. Se estrena con un fiesta R2 en asfalto en la Subida a Colmenar y en tierra en el TC Guare\u00f1a. Adem\u00e1s, participa tambi\u00e9n en la Subida a Algar y en el Rallye Sliks de Sevilla, donde termin\u00f3 1\u00ba piloto junior.<\/p>\n<p>Por su parte <em>Miriam Antelo Ram\u00edrez,<\/em> copiloto, con apenas 16 a\u00f1os debut\u00f3 en el Rallye Sierra de C\u00e1diz como copiloto y unos meses despu\u00e9s particip\u00f3 en un TC del campeonato extreme\u00f1o a bordo del Toyota Aygo N3 en el que ha estado recorriendo los tramos de los rallyes del nacional de tierra dentro de la Copa Kobe Motor de Rallyes 2021.<\/p>\n<p>Tambi\u00e9n ha tenido la oportunidad este a\u00f1o pasado de participar de nuevo en el Rallye Sierra de C\u00e1diz y en el TC de Guare\u00f1a, y, adem\u00e1s, por primera vez en el Rallye Sliks de Sevilla donde celebr\u00f3 su 19 cumplea\u00f1os.<\/p>\n<p><strong>RTA<\/strong><\/p>\n<p>Los malague\u00f1os son uno de los tres equipos integrantes del Rally Team Andaluc\u00eda, el equipo de rallyes andaluz creado por la Federaci\u00f3n Andaluza de Automovilismo para promocionar la participaci\u00f3n de j\u00f3venes talentos andaluces en pruebas de campeonatos de Espa\u00f1a, campeonatos de Europa y pruebas de car\u00e1cter internacional.<\/p>\n<p>Este equipo becado ha representado esta temporada a la comunidad andaluza en cert\u00e1menes al m\u00e1s alto nivel de competici\u00f3n y permitir\u00e1 al automovilismo andaluz estar representada en competiciones oficiales puntuables para distintos campeonatos, tanto en tierra como asfalto.<\/p>\n<p>Se trata de la primera vez que Andaluc\u00eda cuenta con equipo propio. En esta primera temporada se ha becado 3 equipos (piloto y copiloto), con el objetivo de ir ampliando este equipo de competici\u00f3n de cara a las pr\u00f3ximas temporadas, para lo que se solicita el concurso y apoyo tanto de entidades p\u00fablicas como privadas.<\/p>\n<p>Este modelo ya funciona con \u00e9xito a nivel nacional y permite visibilizar a deportistas andaluces fuera de nuestras fronteras al tiempo que supone un espaldarazo a los proyectos deportivos de equipos de automovilismo de nuestra regi\u00f3n que ya despuntan en las competiciones tuteladas por la FAA.<\/p>\n","protected":false},"excerpt":{"rendered":"<p>El equipo del Rallye Team Andaluc\u00eda, equipo oficial de competici\u00f3n de la Federaci\u00f3n Andaluza de Automovilismo, integrado por la dupla malague\u00f1a de Salvador Espa\u00f1a y Miriam Antelo han finalizado su primera temporada en copas nacionales con doblete en los dos campeonatos donde compet\u00edan. Salvador y Miriam han completado una gran temporada que les ha llevado [&hellip;]<\/p>\n","protected":false},"author":1,"featured_media":519,"comment_status":"closed","ping_status":"closed","sticky":false,"template":"","format":"standard","meta":{"_et_pb_use_builder":"","_et_pb_old_content":"","_et_gb_content_width":"","footnotes":""},"categories":[4],"tags":[17,6],"class_list":["post-518","post","type-post","status-publish","format-standard","has-post-thumbnail","hentry","category-noticias","tag-copa-kobe","tag-salvador-espana"],"yoast_head":"<!-- This site is optimized with the Yoast SEO plugin v27.5 - https:\/\/yoast.com\/product\/yoast-seo-wordpress\/ -->\n<title>El equipo del RTA de Salva Espa\u00f1a y Miriam Antelo, nuevos subcampeones de Espa\u00f1a de la Copa Kobe y Campeones Junior del Campeonato de Espa\u00f1a de Rallyes de Tierra 2022 - Rallye Team Andalucia<\/title>\n<meta name=\"robots\" content=\"index, follow, max-snippet:-1, max-image-preview:large, max-video-preview:-1\" \/>\n<link rel=\"canonical\" href=\"https:\/\/faa.net\/rtandalucia\/el-equipo-del-rta-de-salva-espana-y-miriam-antelo-nuevos-subcampeones-de-espana-de-la-copa-kobe-y-campeones-junior-del-campeonato-de-espana-de-rallyes-de-tierra-2022\/\" \/>\n<meta property=\"og:locale\" content=\"es_ES\" \/>\n<meta property=\"og:type\" content=\"article\" \/>\n<meta property=\"og:title\" content=\"El equipo del RTA de Salva Espa\u00f1a y Miriam Antelo, nuevos subcampeones de Espa\u00f1a de la Copa Kobe y Campeones Junior del Campeonato de Espa\u00f1a de Rallyes de Tierra 2022 - Rallye Team Andalucia\" \/>\n<meta property=\"og:description\" content=\"El equipo del Rallye Team Andaluc\u00eda, equipo oficial de competici\u00f3n de la Federaci\u00f3n Andaluza de Automovilismo, integrado por la dupla malague\u00f1a de Salvador Espa\u00f1a y Miriam Antelo han finalizado su primera temporada en copas nacionales con doblete en los dos campeonatos donde compet\u00edan. Salvador y Miriam han completado una gran temporada que les ha llevado [&hellip;]\" \/>\n<meta property=\"og:url\" content=\"https:\/\/faa.net\/rtandalucia\/el-equipo-del-rta-de-salva-espana-y-miriam-antelo-nuevos-subcampeones-de-espana-de-la-copa-kobe-y-campeones-junior-del-campeonato-de-espana-de-rallyes-de-tierra-2022\/\" \/>\n<meta property=\"og:site_name\" content=\"Rallye Team Andalucia\" \/>\n<meta property=\"article:published_time\" content=\"2022-11-24T18:05:55+00:00\" \/>\n<meta property=\"og:image\" content=\"https:\/\/faa.net\/rtandalucia\/wp-content\/uploads\/2022\/11\/salvador-espana-y-miriam-antelo-rally-team-andalucia-2022.jpg\" \/>\n\t<meta property=\"og:image:width\" content=\"1476\" \/>\n\t<meta property=\"og:image:height\" content=\"830\" \/>\n\t<meta property=\"og:image:type\" content=\"image\/jpeg\" \/>\n<meta name=\"author\" content=\"Prensa\" \/>\n<meta name=\"twitter:card\" content=\"summary_large_image\" \/>\n<meta name=\"twitter:label1\" content=\"Escrito por\" \/>\n\t<meta name=\"twitter:data1\" content=\"Prensa\" \/>\n\t<meta name=\"twitter:label2\" content=\"Tiempo de lectura\" \/>\n\t<meta name=\"twitter:data2\" content=\"3 minutos\" \/>\n<script type=\"application\/ld+json\" class=\"yoast-schema-graph\">{\"@context\":\"https:\\\/\\\/schema.org\",\"@graph\":[{\"@type\":\"Article\",\"@id\":\"https:\\\/\\\/faa.net\\\/rtandalucia\\\/el-equipo-del-rta-de-salva-espana-y-miriam-antelo-nuevos-subcampeones-de-espana-de-la-copa-kobe-y-campeones-junior-del-campeonato-de-espana-de-rallyes-de-tierra-2022\\\/#article\",\"isPartOf\":{\"@id\":\"https:\\\/\\\/faa.net\\\/rtandalucia\\\/el-equipo-del-rta-de-salva-espana-y-miriam-antelo-nuevos-subcampeones-de-espana-de-la-copa-kobe-y-campeones-junior-del-campeonato-de-espana-de-rallyes-de-tierra-2022\\\/\"},\"author\":{\"name\":\"Prensa\",\"@id\":\"https:\\\/\\\/faa.net\\\/rtandalucia\\\/#\\\/schema\\\/person\\\/57c2aa9d716bd73384dfc0ff55ba5ceb\"},\"headline\":\"El equipo del RTA de Salva Espa\u00f1a y Miriam Antelo, nuevos subcampeones de Espa\u00f1a de la Copa Kobe y Campeones Junior del Campeonato de Espa\u00f1a de Rallyes de Tierra 2022\",\"datePublished\":\"2022-11-24T18:05:55+00:00\",\"mainEntityOfPage\":{\"@id\":\"https:\\\/\\\/faa.net\\\/rtandalucia\\\/el-equipo-del-rta-de-salva-espana-y-miriam-antelo-nuevos-subcampeones-de-espana-de-la-copa-kobe-y-campeones-junior-del-campeonato-de-espana-de-rallyes-de-tierra-2022\\\/\"},\"wordCount\":731,\"image\":{\"@id\":\"https:\\\/\\\/faa.net\\\/rtandalucia\\\/el-equipo-del-rta-de-salva-espana-y-miriam-antelo-nuevos-subcampeones-de-espana-de-la-copa-kobe-y-campeones-junior-del-campeonato-de-espana-de-rallyes-de-tierra-2022\\\/#primaryimage\"},\"thumbnailUrl\":\"https:\\\/\\\/faa.net\\\/rtandalucia\\\/wp-content\\\/uploads\\\/2022\\\/11\\\/salvador-espana-y-miriam-antelo-rally-team-andalucia-2022.jpg\",\"keywords\":[\"copa kobe\",\"salvador espa\u00f1a\"],\"articleSection\":[\"Noticias\"],\"inLanguage\":\"es\"},{\"@type\":\"WebPage\",\"@id\":\"https:\\\/\\\/faa.net\\\/rtandalucia\\\/el-equipo-del-rta-de-salva-espana-y-miriam-antelo-nuevos-subcampeones-de-espana-de-la-copa-kobe-y-campeones-junior-del-campeonato-de-espana-de-rallyes-de-tierra-2022\\\/\",\"url\":\"https:\\\/\\\/faa.net\\\/rtandalucia\\\/el-equipo-del-rta-de-salva-espana-y-miriam-antelo-nuevos-subcampeones-de-espana-de-la-copa-kobe-y-campeones-junior-del-campeonato-de-espana-de-rallyes-de-tierra-2022\\\/\",\"name\":\"El equipo del RTA de Salva Espa\u00f1a y Miriam Antelo, nuevos subcampeones de Espa\u00f1a de la Copa Kobe y Campeones Junior del Campeonato de Espa\u00f1a de Rallyes de Tierra 2022 - Rallye Team Andalucia\",\"isPartOf\":{\"@id\":\"https:\\\/\\\/faa.net\\\/rtandalucia\\\/#website\"},\"primaryImageOfPage\":{\"@id\":\"https:\\\/\\\/faa.net\\\/rtandalucia\\\/el-equipo-del-rta-de-salva-espana-y-miriam-antelo-nuevos-subcampeones-de-espana-de-la-copa-kobe-y-campeones-junior-del-campeonato-de-espana-de-rallyes-de-tierra-2022\\\/#primaryimage\"},\"image\":{\"@id\":\"https:\\\/\\\/faa.net\\\/rtandalucia\\\/el-equipo-del-rta-de-salva-espana-y-miriam-antelo-nuevos-subcampeones-de-espana-de-la-copa-kobe-y-campeones-junior-del-campeonato-de-espana-de-rallyes-de-tierra-2022\\\/#primaryimage\"},\"thumbnailUrl\":\"https:\\\/\\\/faa.net\\\/rtandalucia\\\/wp-content\\\/uploads\\\/2022\\\/11\\\/salvador-espana-y-miriam-antelo-rally-team-andalucia-2022.jpg\",\"datePublished\":\"2022-11-24T18:05:55+00:00\",\"author\":{\"@id\":\"https:\\\/\\\/faa.net\\\/rtandalucia\\\/#\\\/schema\\\/person\\\/57c2aa9d716bd73384dfc0ff55ba5ceb\"},\"breadcrumb\":{\"@id\":\"https:\\\/\\\/faa.net\\\/rtandalucia\\\/el-equipo-del-rta-de-salva-espana-y-miriam-antelo-nuevos-subcampeones-de-espana-de-la-copa-kobe-y-campeones-junior-del-campeonato-de-espana-de-rallyes-de-tierra-2022\\\/#breadcrumb\"},\"inLanguage\":\"es\",\"potentialAction\":[{\"@type\":\"ReadAction\",\"target\":[\"https:\\\/\\\/faa.net\\\/rtandalucia\\\/el-equipo-del-rta-de-salva-espana-y-miriam-antelo-nuevos-subcampeones-de-espana-de-la-copa-kobe-y-campeones-junior-del-campeonato-de-espana-de-rallyes-de-tierra-2022\\\/\"]}]},{\"@type\":\"ImageObject\",\"inLanguage\":\"es\",\"@id\":\"https:\\\/\\\/faa.net\\\/rtandalucia\\\/el-equipo-del-rta-de-salva-espana-y-miriam-antelo-nuevos-subcampeones-de-espana-de-la-copa-kobe-y-campeones-junior-del-campeonato-de-espana-de-rallyes-de-tierra-2022\\\/#primaryimage\",\"url\":\"https:\\\/\\\/faa.net\\\/rtandalucia\\\/wp-content\\\/uploads\\\/2022\\\/11\\\/salvador-espana-y-miriam-antelo-rally-team-andalucia-2022.jpg\",\"contentUrl\":\"https:\\\/\\\/faa.net\\\/rtandalucia\\\/wp-content\\\/uploads\\\/2022\\\/11\\\/salvador-espana-y-miriam-antelo-rally-team-andalucia-2022.jpg\",\"width\":1476,\"height\":830,\"caption\":\"Salvador Espa\u00f1a y Miriam Antelo pilotos del Rally Team Andaluc\u00eda.\"},{\"@type\":\"BreadcrumbList\",\"@id\":\"https:\\\/\\\/faa.net\\\/rtandalucia\\\/el-equipo-del-rta-de-salva-espana-y-miriam-antelo-nuevos-subcampeones-de-espana-de-la-copa-kobe-y-campeones-junior-del-campeonato-de-espana-de-rallyes-de-tierra-2022\\\/#breadcrumb\",\"itemListElement\":[{\"@type\":\"ListItem\",\"position\":1,\"name\":\"Portada\",\"item\":\"https:\\\/\\\/faa.net\\\/rtandalucia\\\/\"},{\"@type\":\"ListItem\",\"position\":2,\"name\":\"El equipo del RTA de Salva Espa\u00f1a y Miriam Antelo, nuevos subcampeones de Espa\u00f1a de la Copa Kobe y Campeones Junior del Campeonato de Espa\u00f1a de Rallyes de Tierra 2022\"}]},{\"@type\":\"WebSite\",\"@id\":\"https:\\\/\\\/faa.net\\\/rtandalucia\\\/#website\",\"url\":\"https:\\\/\\\/faa.net\\\/rtandalucia\\\/\",\"name\":\"Rallye Team Andalucia\",\"description\":\"- Un proyecto de la Federaci\u00f3n Andaluza de Automovilismo\",\"potentialAction\":[{\"@type\":\"SearchAction\",\"target\":{\"@type\":\"EntryPoint\",\"urlTemplate\":\"https:\\\/\\\/faa.net\\\/rtandalucia\\\/?s={search_term_string}\"},\"query-input\":{\"@type\":\"PropertyValueSpecification\",\"valueRequired\":true,\"valueName\":\"search_term_string\"}}],\"inLanguage\":\"es\"},{\"@type\":\"Person\",\"@id\":\"https:\\\/\\\/faa.net\\\/rtandalucia\\\/#\\\/schema\\\/person\\\/57c2aa9d716bd73384dfc0ff55ba5ceb\",\"name\":\"Prensa\",\"image\":{\"@type\":\"ImageObject\",\"inLanguage\":\"es\",\"@id\":\"https:\\\/\\\/secure.gravatar.com\\\/avatar\\\/3b16db4c9def11e8c97e0cb172de04d38108fdb7624822f873f7c4e5d17e3ca3?s=96&d=mm&r=g\",\"url\":\"https:\\\/\\\/secure.gravatar.com\\\/avatar\\\/3b16db4c9def11e8c97e0cb172de04d38108fdb7624822f873f7c4e5d17e3ca3?s=96&d=mm&r=g\",\"contentUrl\":\"https:\\\/\\\/secure.gravatar.com\\\/avatar\\\/3b16db4c9def11e8c97e0cb172de04d38108fdb7624822f873f7c4e5d17e3ca3?s=96&d=mm&r=g\",\"caption\":\"Prensa\"},\"sameAs\":[\"https:\\\/\\\/faa.net\\\/rtandalucia\"],\"url\":\"https:\\\/\\\/faa.net\\\/rtandalucia\\\/author\\\/admin_rtandalucia_89797\\\/\"}]}<\/script>\n<!-- \/ Yoast SEO plugin. -->","yoast_head_json":{"title":"El equipo del RTA de Salva Espa\u00f1a y Miriam Antelo, nuevos subcampeones de Espa\u00f1a de la Copa Kobe y Campeones Junior del Campeonato de Espa\u00f1a de Rallyes de Tierra 2022 - Rallye Team Andalucia","robots":{"index":"index","follow":"follow","max-snippet":"max-snippet:-1","max-image-preview":"max-image-preview:large","max-video-preview":"max-video-preview:-1"},"canonical":"https:\/\/faa.net\/rtandalucia\/el-equipo-del-rta-de-salva-espana-y-miriam-antelo-nuevos-subcampeones-de-espana-de-la-copa-kobe-y-campeones-junior-del-campeonato-de-espana-de-rallyes-de-tierra-2022\/","og_locale":"es_ES","og_type":"article","og_title":"El equipo del RTA de Salva Espa\u00f1a y Miriam Antelo, nuevos subcampeones de Espa\u00f1a de la Copa Kobe y Campeones Junior del Campeonato de Espa\u00f1a de Rallyes de Tierra 2022 - Rallye Team Andalucia","og_description":"El equipo del Rallye Team Andaluc\u00eda, equipo oficial de competici\u00f3n de la Federaci\u00f3n Andaluza de Automovilismo, integrado por la dupla malague\u00f1a de Salvador Espa\u00f1a y Miriam Antelo han finalizado su primera temporada en copas nacionales con doblete en los dos campeonatos donde compet\u00edan. Salvador y Miriam han completado una gran temporada que les ha llevado [&hellip;]","og_url":"https:\/\/faa.net\/rtandalucia\/el-equipo-del-rta-de-salva-espana-y-miriam-antelo-nuevos-subcampeones-de-espana-de-la-copa-kobe-y-campeones-junior-del-campeonato-de-espana-de-rallyes-de-tierra-2022\/","og_site_name":"Rallye Team Andalucia","article_published_time":"2022-11-24T18:05:55+00:00","og_image":[{"width":1476,"height":830,"url":"https:\/\/faa.net\/rtandalucia\/wp-content\/uploads\/2022\/11\/salvador-espana-y-miriam-antelo-rally-team-andalucia-2022.jpg","type":"image\/jpeg"}],"author":"Prensa","twitter_card":"summary_large_image","twitter_misc":{"Escrito por":"Prensa","Tiempo de lectura":"3 minutos"},"schema":{"@context":"https:\/\/schema.org","@graph":[{"@type":"Article","@id":"https:\/\/faa.net\/rtandalucia\/el-equipo-del-rta-de-salva-espana-y-miriam-antelo-nuevos-subcampeones-de-espana-de-la-copa-kobe-y-campeones-junior-del-campeonato-de-espana-de-rallyes-de-tierra-2022\/#article","isPartOf":{"@id":"https:\/\/faa.net\/rtandalucia\/el-equipo-del-rta-de-salva-espana-y-miriam-antelo-nuevos-subcampeones-de-espana-de-la-copa-kobe-y-campeones-junior-del-campeonato-de-espana-de-rallyes-de-tierra-2022\/"},"author":{"name":"Prensa","@id":"https:\/\/faa.net\/rtandalucia\/#\/schema\/person\/57c2aa9d716bd73384dfc0ff55ba5ceb"},"headline":"El equipo del RTA de Salva Espa\u00f1a y Miriam Antelo, nuevos subcampeones de Espa\u00f1a de la Copa Kobe y Campeones Junior del Campeonato de Espa\u00f1a de Rallyes de Tierra 2022","datePublished":"2022-11-24T18:05:55+00:00","mainEntityOfPage":{"@id":"https:\/\/faa.net\/rtandalucia\/el-equipo-del-rta-de-salva-espana-y-miriam-antelo-nuevos-subcampeones-de-espana-de-la-copa-kobe-y-campeones-junior-del-campeonato-de-espana-de-rallyes-de-tierra-2022\/"},"wordCount":731,"image":{"@id":"https:\/\/faa.net\/rtandalucia\/el-equipo-del-rta-de-salva-espana-y-miriam-antelo-nuevos-subcampeones-de-espana-de-la-copa-kobe-y-campeones-junior-del-campeonato-de-espana-de-rallyes-de-tierra-2022\/#primaryimage"},"thumbnailUrl":"https:\/\/faa.net\/rtandalucia\/wp-content\/uploads\/2022\/11\/salvador-espana-y-miriam-antelo-rally-team-andalucia-2022.jpg","keywords":["copa kobe","salvador espa\u00f1a"],"articleSection":["Noticias"],"inLanguage":"es"},{"@type":"WebPage","@id":"https:\/\/faa.net\/rtandalucia\/el-equipo-del-rta-de-salva-espana-y-miriam-antelo-nuevos-subcampeones-de-espana-de-la-copa-kobe-y-campeones-junior-del-campeonato-de-espana-de-rallyes-de-tierra-2022\/","url":"https:\/\/faa.net\/rtandalucia\/el-equipo-del-rta-de-salva-espana-y-miriam-antelo-nuevos-subcampeones-de-espana-de-la-copa-kobe-y-campeones-junior-del-campeonato-de-espana-de-rallyes-de-tierra-2022\/","name":"El equipo del RTA de Salva Espa\u00f1a y Miriam Antelo, nuevos subcampeones de Espa\u00f1a de la Copa Kobe y Campeones Junior del Campeonato de Espa\u00f1a de Rallyes de Tierra 2022 - Rallye Team Andalucia","isPartOf":{"@id":"https:\/\/faa.net\/rtandalucia\/#website"},"primaryImageOfPage":{"@id":"https:\/\/faa.net\/rtandalucia\/el-equipo-del-rta-de-salva-espana-y-miriam-antelo-nuevos-subcampeones-de-espana-de-la-copa-kobe-y-campeones-junior-del-campeonato-de-espana-de-rallyes-de-tierra-2022\/#primaryimage"},"image":{"@id":"https:\/\/faa.net\/rtandalucia\/el-equipo-del-rta-de-salva-espana-y-miriam-antelo-nuevos-subcampeones-de-espana-de-la-copa-kobe-y-campeones-junior-del-campeonato-de-espana-de-rallyes-de-tierra-2022\/#primaryimage"},"thumbnailUrl":"https:\/\/faa.net\/rtandalucia\/wp-content\/uploads\/2022\/11\/salvador-espana-y-miriam-antelo-rally-team-andalucia-2022.jpg","datePublished":"2022-11-24T18:05:55+00:00","author":{"@id":"https:\/\/faa.net\/rtandalucia\/#\/schema\/person\/57c2aa9d716bd73384dfc0ff55ba5ceb"},"breadcrumb":{"@id":"https:\/\/faa.net\/rtandalucia\/el-equipo-del-rta-de-salva-espana-y-miriam-antelo-nuevos-subcampeones-de-espana-de-la-copa-kobe-y-campeones-junior-del-campeonato-de-espana-de-rallyes-de-tierra-2022\/#breadcrumb"},"inLanguage":"es","potentialAction":[{"@type":"ReadAction","target":["https:\/\/faa.net\/rtandalucia\/el-equipo-del-rta-de-salva-espana-y-miriam-antelo-nuevos-subcampeones-de-espana-de-la-copa-kobe-y-campeones-junior-del-campeonato-de-espana-de-rallyes-de-tierra-2022\/"]}]},{"@type":"ImageObject","inLanguage":"es","@id":"https:\/\/faa.net\/rtandalucia\/el-equipo-del-rta-de-salva-espana-y-miriam-antelo-nuevos-subcampeones-de-espana-de-la-copa-kobe-y-campeones-junior-del-campeonato-de-espana-de-rallyes-de-tierra-2022\/#primaryimage","url":"https:\/\/faa.net\/rtandalucia\/wp-content\/uploads\/2022\/11\/salvador-espana-y-miriam-antelo-rally-team-andalucia-2022.jpg","contentUrl":"https:\/\/faa.net\/rtandalucia\/wp-content\/uploads\/2022\/11\/salvador-espana-y-miriam-antelo-rally-team-andalucia-2022.jpg","width":1476,"height":830,"caption":"Salvador Espa\u00f1a y Miriam Antelo pilotos del Rally Team Andaluc\u00eda."},{"@type":"BreadcrumbList","@id":"https:\/\/faa.net\/rtandalucia\/el-equipo-del-rta-de-salva-espana-y-miriam-antelo-nuevos-subcampeones-de-espana-de-la-copa-kobe-y-campeones-junior-del-campeonato-de-espana-de-rallyes-de-tierra-2022\/#breadcrumb","itemListElement":[{"@type":"ListItem","position":1,"name":"Portada","item":"https:\/\/faa.net\/rtandalucia\/"},{"@type":"ListItem","position":2,"name":"El equipo del RTA de Salva Espa\u00f1a y Miriam Antelo, nuevos subcampeones de Espa\u00f1a de la Copa Kobe y Campeones Junior del Campeonato de Espa\u00f1a de Rallyes de Tierra 2022"}]},{"@type":"WebSite","@id":"https:\/\/faa.net\/rtandalucia\/#website","url":"https:\/\/faa.net\/rtandalucia\/","name":"Rallye Team Andalucia","description":"- Un proyecto de la Federaci\u00f3n Andaluza de Automovilismo","potentialAction":[{"@type":"SearchAction","target":{"@type":"EntryPoint","urlTemplate":"https:\/\/faa.net\/rtandalucia\/?s={search_term_string}"},"query-input":{"@type":"PropertyValueSpecification","valueRequired":true,"valueName":"search_term_string"}}],"inLanguage":"es"},{"@type":"Person","@id":"https:\/\/faa.net\/rtandalucia\/#\/schema\/person\/57c2aa9d716bd73384dfc0ff55ba5ceb","name":"Prensa","image":{"@type":"ImageObject","inLanguage":"es","@id":"https:\/\/secure.gravatar.com\/avatar\/3b16db4c9def11e8c97e0cb172de04d38108fdb7624822f873f7c4e5d17e3ca3?s=96&d=mm&r=g","url":"https:\/\/secure.gravatar.com\/avatar\/3b16db4c9def11e8c97e0cb172de04d38108fdb7624822f873f7c4e5d17e3ca3?s=96&d=mm&r=g","contentUrl":"https:\/\/secure.gravatar.com\/avatar\/3b16db4c9def11e8c97e0cb172de04d38108fdb7624822f873f7c4e5d17e3ca3?s=96&d=mm&r=g","caption":"Prensa"},"sameAs":["https:\/\/faa.net\/rtandalucia"],"url":"https:\/\/faa.net\/rtandalucia\/author\/admin_rtandalucia_89797\/"}]}},"_links":{"self":[{"href":"https:\/\/faa.net\/rtandalucia\/wp-json\/wp\/v2\/posts\/518","targetHints":{"allow":["GET"]}}],"collection":[{"href":"https:\/\/faa.net\/rtandalucia\/wp-json\/wp\/v2\/posts"}],"about":[{"href":"https:\/\/faa.net\/rtandalucia\/wp-json\/wp\/v2\/types\/post"}],"author":[{"embeddable":true,"href":"https:\/\/faa.net\/rtandalucia\/wp-json\/wp\/v2\/users\/1"}],"replies":[{"embeddable":true,"href":"https:\/\/faa.net\/rtandalucia\/wp-json\/wp\/v2\/comments?post=518"}],"version-history":[{"count":1,"href":"https:\/\/faa.net\/rtandalucia\/wp-json\/wp\/v2\/posts\/518\/revisions"}],"predecessor-version":[{"id":520,"href":"https:\/\/faa.net\/rtandalucia\/wp-json\/wp\/v2\/posts\/518\/revisions\/520"}],"wp:featuredmedia":[{"embeddable":true,"href":"https:\/\/faa.net\/rtandalucia\/wp-json\/wp\/v2\/media\/519"}],"wp:attachment":[{"href":"https:\/\/faa.net\/rtandalucia\/wp-json\/wp\/v2\/media?parent=518"}],"wp:term":[{"taxonomy":"category","embeddable":true,"href":"https:\/\/faa.net\/rtandalucia\/wp-json\/wp\/v2\/categories?post=518"},{"taxonomy":"post_tag","embeddable":true,"href":"https:\/\/faa.net\/rtandalucia\/wp-json\/wp\/v2\/tags?post=518"}],"curies":[{"name":"wp","href":"https:\/\/api.w.org\/{rel}","templated":true}]}}